{"id":1232,"date":"2016-06-02T15:38:36","date_gmt":"2016-06-02T14:38:36","guid":{"rendered":"http:\/\/www.tropical-hamac.com\/blog\/?p=1232"},"modified":"2025-09-25T20:10:27","modified_gmt":"2025-09-25T19:10:27","slug":"vos-siestes-musicales-musicalamak-2016","status":"publish","type":"post","link":"https:\/\/www.tropical-hamac.com\/blog\/vos-siestes-musicales-musicalamak-2016\/","title":{"rendered":"Musicalamak 2016, votre sieste musicale !"},"content":{"rendered":"<h1>Tropical Influences vous offre une sieste musicale : le Musicalamak !<\/h1>\n<p>Les <strong>siestes musicales en hamac<\/strong> sont de retour ! Apr\u00e8s la premi\u00e8re \u00e9dition de 2008 qui f\u00fbt tant appr\u00e9ci\u00e9e de tous, <a title=\"site marchand hamac\" href=\"https:\/\/www.tropical-hamac.com\" target=\"_blank\" rel=\"noopener\">Tropical hamac<\/a> renouvelle cette exp\u00e9rience de sieste musicale. Et pour un grand partage de bien-\u00eatre, nous sommes heureux de vous communiquer quelques dates.<\/p>\n<p>Tous les m<strong>ardis de juin \u00e0 septembre<\/strong>, en alternance <strong>soit \u00e0 Ondres soit \u00e0 Labenne<\/strong>, venez nombreux, profiter gratuitement d&#8217;une<strong> sieste en hamac.<\/strong>\u00a0Et bien s\u00fbr, avec le diffusion d&#8217;une programmation musicale. L&#8217;ensemble tr\u00e8s \u00e9clectique qui vadrouille entre Iggy Pop et la Sonora Poncena en passant par The Soul Snatchers et Richard Hawley pour n&#8217;en citer que quelques uns.<\/p>\n<p><a href=\"https:\/\/www.tropical-hamac.com\/blog\/wp-content\/uploads\/2016\/06\/affiche-musicalamak-REDUITE.jpg\"><img loading=\"lazy\" decoding=\"async\" class=\"aligncenter wp-image-1231 size-large\" src=\"https:\/\/www.tropical-hamac.com\/blog\/wp-content\/uploads\/2016\/06\/affiche-musicalamak-REDUITE-683x1024.jpg\" alt=\"siestes musicales\" width=\"660\" height=\"990\" srcset=\"https:\/\/www.tropical-hamac.com\/blog\/wp-content\/uploads\/2016\/06\/affiche-musicalamak-REDUITE-683x1024.jpg 683w, https:\/\/www.tropical-hamac.com\/blog\/wp-content\/uploads\/2016\/06\/affiche-musicalamak-REDUITE-200x300.jpg 200w, https:\/\/www.tropical-hamac.com\/blog\/wp-content\/uploads\/2016\/06\/affiche-musicalamak-REDUITE-700x1050.jpg 700w, https:\/\/www.tropical-hamac.com\/blog\/wp-content\/uploads\/2016\/06\/affiche-musicalamak-REDUITE-332x498.jpg 332w, https:\/\/www.tropical-hamac.com\/blog\/wp-content\/uploads\/2016\/06\/affiche-musicalamak-REDUITE.jpg 800w\" sizes=\"auto, (max-width: 660px) 100vw, 660px\" \/><\/a>Nous installerons une vingtaine de <a title=\"hamacs geants\" href=\"https:\/\/www.tropical-hamac.com\/21-hamac-toile-xxl-et-xxxl\" target=\"_blank\" rel=\"noopener noreferrer\">hamacs XXL<\/a>\u00a0dans lesquels vous pourrez vous pr\u00e9lasser seuls ou bien en famille. Profitez ainsi d&#8217;une pause ou amenez votre pic-nique sous le ciel \u00e9toil\u00e9.<\/p>\n<p>Notre facebook <a title=\"fb musicalamak\" href=\"https:\/\/www.facebook.com\/tropicalhamac\" target=\"_blank\" rel=\"noopener noreferrer\">Tropical Hamac<\/a>\u00a0vous tiendra inform\u00e9 d\u2019\u00e9ventuelles annulations de vos siestes musicales pour cause de mauvais temps.<\/p>\n<p>Un grand merci au site <a title=\"levenly\" href=\"http:\/\/www.levenly.com\/fr\/accueil.html\" target=\"_blank\" rel=\"noopener noreferrer\">Levenly<\/a>\u00a0pour leurs judicieux conseils en mati\u00e8re de sonorisation ext\u00e9rieure et pour leur compr\u00e9hension sur la gratuit\u00e9 de nos siestes et leur tarifs d\u00e9fiant toute concurrence.<\/p>\n<p>Relax&#8230;.and enjoy&#8230;.<\/p>\n<p style=\"text-align: center;\">Lisez nos <a href=\"https:\/\/www.tropical-hamac.com\/blog\/category\/votre-hamac-et-vous\/comment-bien-utiliser-mon-hamac\/\" target=\"_blank\" rel=\"noopener noreferrer\">dossiers pour apprendre \u00e0 bien utiliser votre hamac<\/a> et profiter pleinement de ses avantages.<\/p>\n","protected":false},"excerpt":{"rendered":"<p>Tropical Influences vous offre une sieste musicale : le Musicalamak ! Les siestes musicales en hamac sont de retour ! Apr\u00e8s la premi\u00e8re \u00e9dition de 2008 qui f\u00fbt tant appr\u00e9ci\u00e9e de tous, Tropical hamac renouvelle cette exp\u00e9rience de sieste musicale. Et pour un grand partage de bien-\u00eatre, nous sommes heureux &#8230;<\/p>\n","protected":false},"author":1,"featured_media":1229,"comment_status":"closed","ping_status":"closed","sticky":false,"template":"","format":"standard","meta":{"om_disable_all_campaigns":false,"_monsterinsights_skip_tracking":false,"_monsterinsights_sitenote_active":false,"_monsterinsights_sitenote_note":"","_monsterinsights_sitenote_category":0,"footnotes":""},"categories":[7],"tags":[42],"class_list":["post-1232","post","type-post","status-publish","format-standard","has-post-thumbnail","hentry","category-l-histoire-et-les-histoires","tag-hamac-suspendu","column","onecol","has-thumbnail"],"aioseo_notices":[],"_links":{"self":[{"href":"https:\/\/www.tropical-hamac.com\/blog\/wp-json\/wp\/v2\/posts\/1232","targetHints":{"allow":["GET"]}}],"collection":[{"href":"https:\/\/www.tropical-hamac.com\/blog\/wp-json\/wp\/v2\/posts"}],"about":[{"href":"https:\/\/www.tropical-hamac.com\/blog\/wp-json\/wp\/v2\/types\/post"}],"author":[{"embeddable":true,"href":"https:\/\/www.tropical-hamac.com\/blog\/wp-json\/wp\/v2\/users\/1"}],"replies":[{"embeddable":true,"href":"https:\/\/www.tropical-hamac.com\/blog\/wp-json\/wp\/v2\/comments?post=1232"}],"version-history":[{"count":12,"href":"https:\/\/www.tropical-hamac.com\/blog\/wp-json\/wp\/v2\/posts\/1232\/revisions"}],"predecessor-version":[{"id":3781,"href":"https:\/\/www.tropical-hamac.com\/blog\/wp-json\/wp\/v2\/posts\/1232\/revisions\/3781"}],"wp:featuredmedia":[{"embeddable":true,"href":"https:\/\/www.tropical-hamac.com\/blog\/wp-json\/wp\/v2\/media\/1229"}],"wp:attachment":[{"href":"https:\/\/www.tropical-hamac.com\/blog\/wp-json\/wp\/v2\/media?parent=1232"}],"wp:term":[{"taxonomy":"category","embeddable":true,"href":"https:\/\/www.tropical-hamac.com\/blog\/wp-json\/wp\/v2\/categories?post=1232"},{"taxonomy":"post_tag","embeddable":true,"href":"https:\/\/www.tropical-hamac.com\/blog\/wp-json\/wp\/v2\/tags?post=1232"}],"curies":[{"name":"wp","href":"https:\/\/api.w.org\/{rel}","templated":true}]}}